{"id":62,"date":"2026-03-04T12:13:13","date_gmt":"2026-03-04T11:13:13","guid":{"rendered":"https:\/\/laboratoire.univ-mosta.dz\/didd\/?p=62"},"modified":"2026-03-04T12:19:37","modified_gmt":"2026-03-04T11:19:37","slug":"%d9%81%d8%b1%d9%82%d8%a9-%d8%a7%d9%84%d8%a8%d8%ad%d8%ab-04-%d8%a7%d9%84%d8%aa%d8%ac%d8%a7%d8%b1%d8%a9-%d8%a7%d9%84%d8%ad%d8%b1%d8%a9-%d9%88%d8%a7%d9%84%d8%a8%d9%8a%d8%a6%d8%a9","status":"publish","type":"post","link":"https:\/\/laboratoire.univ-mosta.dz\/didd\/2026\/03\/04\/%d9%81%d8%b1%d9%82%d8%a9-%d8%a7%d9%84%d8%a8%d8%ad%d8%ab-04-%d8%a7%d9%84%d8%aa%d8%ac%d8%a7%d8%b1%d8%a9-%d8%a7%d9%84%d8%ad%d8%b1%d8%a9-%d9%88%d8%a7%d9%84%d8%a8%d9%8a%d8%a6%d8%a9\/","title":{"rendered":"\u0641\u0631\u0642\u0629 \u0627\u0644\u0628\u062d\u062b 04: \u0627\u0644\u062a\u062c\u0627\u0631\u0629 \u0627\u0644\u062d\u0631\u0629 \u0648\u0627\u0644\u0628\u064a\u0626\u0629"},"content":{"rendered":"\n<p class=\"has-text-align-center\" style=\"font-size:30px\"><strong>Libre \u00e9change et environnement<\/strong><\/p>\n\n\n\n<p class=\"has-text-align-right\">\u0631\u0626\u064a\u0633\u0629 \u0641\u0631\u0642\u0629 \u0627\u0644\u0628\u062d\u062b \u0627\u0644\u0628\u0631\u0648\u0641\u064a\u0633\u0648\u0631 : \u0639\u064a\u0633\u0627\u0646\u064a \u0631\u0641\u064a\u0642\u0629<\/p>\n\n\n\n<p class=\"has-text-align-right\">\u0648\u0635\u0641 \u0645\u0634\u0631\u0648\u0639 \u0627\u0644\u0628\u062c\u062b \u0644\u0644\u0641\u0631\u0642\u0629<\/p>\n\n\n\n<p>Le LDI2D vise \u00e0 appuyer et am\u00e9liorer les efforts cherchant \u00e0 int\u00e9grer les principes du droit \u00e9conomique avec la prise de d\u00e9cision en mati\u00e8re de d\u00e9veloppement et d&rsquo;environnement par les \u00e9tats, les entreprises, les soci\u00e9t\u00e9s civiles et les organisations intergouvernementales (OIG). La sph\u00e8re du droit \u00e9conomique de d\u00e9veloppement durable gagne un int\u00e9r\u00eat consid\u00e9rable, particuli\u00e8rement en ce qui a trait aux pays en voie. Si le droit du commerce de l&rsquo;OMC contient \u00e0 lui seul plus de 20.000 pages de textes juridiques, ses dispositions ne sont pas particuli\u00e8rement accessibles par le public et doivent \u00eatre plus amplement consid\u00e9r\u00e9es sous une perspective de d\u00e9veloppement durable.<\/p>\n\n\n\n<p><\/p>\n","protected":false},"excerpt":{"rendered":"<p>Libre \u00e9change et environnement \u0631\u0626\u064a\u0633\u0629 \u0641\u0631\u0642\u0629 \u0627\u0644\u0628\u062d\u062b \u0627\u0644\u0628\u0631\u0648\u0641\u064a\u0633\u0648\u0631 : \u0639\u064a\u0633\u0627\u0646\u064a \u0631\u0641\u064a\u0642\u0629 \u0648\u0635\u0641 \u0645\u0634\u0631\u0648\u0639 \u0627\u0644\u0628\u062c\u062b \u0644\u0644\u0641\u0631\u0642\u0629 Le LDI2D vise \u00e0 appuyer et am\u00e9liorer les efforts cherchant \u00e0 int\u00e9grer les principes du droit \u00e9conomique avec la prise de d\u00e9cision en mati\u00e8re de d\u00e9veloppement et d&rsquo;environnement par les \u00e9tats, les entreprises, les soci\u00e9t\u00e9s civiles et les organisations intergouvernementales &hellip;<\/p>\n","protected":false},"author":46,"featured_media":68,"comment_status":"closed","ping_status":"closed","sticky":false,"template":"","format":"standard","meta":{"_eb_attr":"","_coblocks_attr":"","_coblocks_dimensions":"","_coblocks_responsive_height":"","_coblocks_accordion_ie_support":"","footnotes":""},"categories":[10],"tags":[],"class_list":["post-62","post","type-post","status-publish","format-standard","has-post-thumbnail","hentry","category-10"],"_links":{"self":[{"href":"https:\/\/laboratoire.univ-mosta.dz\/didd\/wp-json\/wp\/v2\/posts\/62","targetHints":{"allow":["GET"]}}],"collection":[{"href":"https:\/\/laboratoire.univ-mosta.dz\/didd\/wp-json\/wp\/v2\/posts"}],"about":[{"href":"https:\/\/laboratoire.univ-mosta.dz\/didd\/wp-json\/wp\/v2\/types\/post"}],"author":[{"embeddable":true,"href":"https:\/\/laboratoire.univ-mosta.dz\/didd\/wp-json\/wp\/v2\/users\/46"}],"replies":[{"embeddable":true,"href":"https:\/\/laboratoire.univ-mosta.dz\/didd\/wp-json\/wp\/v2\/comments?post=62"}],"version-history":[{"count":1,"href":"https:\/\/laboratoire.univ-mosta.dz\/didd\/wp-json\/wp\/v2\/posts\/62\/revisions"}],"predecessor-version":[{"id":69,"href":"https:\/\/laboratoire.univ-mosta.dz\/didd\/wp-json\/wp\/v2\/posts\/62\/revisions\/69"}],"wp:featuredmedia":[{"embeddable":true,"href":"https:\/\/laboratoire.univ-mosta.dz\/didd\/wp-json\/wp\/v2\/media\/68"}],"wp:attachment":[{"href":"https:\/\/laboratoire.univ-mosta.dz\/didd\/wp-json\/wp\/v2\/media?parent=62"}],"wp:term":[{"taxonomy":"category","embeddable":true,"href":"https:\/\/laboratoire.univ-mosta.dz\/didd\/wp-json\/wp\/v2\/categories?post=62"},{"taxonomy":"post_tag","embeddable":true,"href":"https:\/\/laboratoire.univ-mosta.dz\/didd\/wp-json\/wp\/v2\/tags?post=62"}],"curies":[{"name":"wp","href":"https:\/\/api.w.org\/{rel}","templated":true}]}}