{"id":61,"date":"2026-03-04T12:16:37","date_gmt":"2026-03-04T11:16:37","guid":{"rendered":"https:\/\/laboratoire.univ-mosta.dz\/didd\/?p=61"},"modified":"2026-03-04T12:17:01","modified_gmt":"2026-03-04T11:17:01","slug":"%d9%81%d8%b1%d9%82%d8%a9-%d8%a7%d9%84%d8%a8%d8%ad%d8%ab-01-%d8%a7%d9%84%d9%82%d8%a7%d9%86%d9%88%d9%86-%d8%a7%d9%84%d8%a8%d9%8a%d8%a6%d9%8a-%d8%a7%d9%84%d9%85%d8%ad%d9%84%d9%8a-%d9%88%d8%a7%d9%84","status":"publish","type":"post","link":"https:\/\/laboratoire.univ-mosta.dz\/didd\/2026\/03\/04\/%d9%81%d8%b1%d9%82%d8%a9-%d8%a7%d9%84%d8%a8%d8%ad%d8%ab-01-%d8%a7%d9%84%d9%82%d8%a7%d9%86%d9%88%d9%86-%d8%a7%d9%84%d8%a8%d9%8a%d8%a6%d9%8a-%d8%a7%d9%84%d9%85%d8%ad%d9%84%d9%8a-%d9%88%d8%a7%d9%84\/","title":{"rendered":"\u0641\u0631\u0642\u0629 \u0627\u0644\u0628\u062d\u062b 01: \u0627\u0644\u0642\u0627\u0646\u0648\u0646 \u0627\u0644\u0628\u064a\u0626\u064a \u0627\u0644\u0645\u062d\u0644\u064a \u0648\u0627\u0644\u062f\u0648\u0644\u064a"},"content":{"rendered":"\n<p class=\"has-text-align-center\"><strong>Droit interne et international de l&rsquo;environnement<\/strong><\/p>\n\n\n\n<p class=\"has-text-align-right\">\u0631\u0626\u064a\u0633 \u0641\u0631\u0642\u0629 \u0627\u0644\u0628\u062d\u062b \u0627\u0644\u0628\u0631\u0648\u0641\u064a\u0633\u0648\u0631 : \u0628\u0642\u0646\u064a\u0634 \u0639\u062b\u0645\u0627\u0646<\/p>\n\n\n\n<p class=\"has-text-align-right\">\u0648\u0635\u0641 \u0645\u0634\u0631\u0648\u0639 \u0627\u0644\u0628\u062c\u062b \u0644\u0644\u0641\u0631\u0642\u0629<\/p>\n\n\n\n<p>Les recherches men\u00e9es par l&rsquo;\u00e9quipe visent \u00e0 d\u00e9velopper et le lien entre les politiques et lois portant sur la biodiversit\u00e9 et celles reli\u00e9es aux r\u00e9gimes \u00e9conomiques, sociaux et environnementaux. Les recherches se basent \u00e9galement sur les discussions courantes sur le sujet li\u00e9 \u00e0 la Convention sur la diversit\u00e9 biologique, l&rsquo;Organisation des Nations Unies pour l&rsquo;Alimentation et l&rsquo;Agriculture, l&rsquo;Organisation mondiale du commerce, et l&rsquo;Organisation Mondiale de la Propri\u00e9t\u00e9 Intellectuelle. Les recherches de l&rsquo;\u00e9quipe examinent les disparit\u00e9s existantes de ces syst\u00e8mes ainsi que les priorit\u00e9s de recherche.<\/p>\n\n\n\n<p><\/p>\n","protected":false},"excerpt":{"rendered":"<p>Droit interne et international de l&rsquo;environnement \u0631\u0626\u064a\u0633 \u0641\u0631\u0642\u0629 \u0627\u0644\u0628\u062d\u062b \u0627\u0644\u0628\u0631\u0648\u0641\u064a\u0633\u0648\u0631 : \u0628\u0642\u0646\u064a\u0634 \u0639\u062b\u0645\u0627\u0646 \u0648\u0635\u0641 \u0645\u0634\u0631\u0648\u0639 \u0627\u0644\u0628\u062c\u062b \u0644\u0644\u0641\u0631\u0642\u0629 Les recherches men\u00e9es par l&rsquo;\u00e9quipe visent \u00e0 d\u00e9velopper et le lien entre les politiques et lois portant sur la biodiversit\u00e9 et celles reli\u00e9es aux r\u00e9gimes \u00e9conomiques, sociaux et environnementaux. Les recherches se basent \u00e9galement sur les discussions courantes &hellip;<\/p>\n","protected":false},"author":46,"featured_media":65,"comment_status":"closed","ping_status":"closed","sticky":false,"template":"","format":"standard","meta":{"_eb_attr":"","_coblocks_attr":"","_coblocks_dimensions":"","_coblocks_responsive_height":"","_coblocks_accordion_ie_support":"","footnotes":""},"categories":[10],"tags":[],"class_list":["post-61","post","type-post","status-publish","format-standard","has-post-thumbnail","hentry","category-10"],"_links":{"self":[{"href":"https:\/\/laboratoire.univ-mosta.dz\/didd\/wp-json\/wp\/v2\/posts\/61","targetHints":{"allow":["GET"]}}],"collection":[{"href":"https:\/\/laboratoire.univ-mosta.dz\/didd\/wp-json\/wp\/v2\/posts"}],"about":[{"href":"https:\/\/laboratoire.univ-mosta.dz\/didd\/wp-json\/wp\/v2\/types\/post"}],"author":[{"embeddable":true,"href":"https:\/\/laboratoire.univ-mosta.dz\/didd\/wp-json\/wp\/v2\/users\/46"}],"replies":[{"embeddable":true,"href":"https:\/\/laboratoire.univ-mosta.dz\/didd\/wp-json\/wp\/v2\/comments?post=61"}],"version-history":[{"count":1,"href":"https:\/\/laboratoire.univ-mosta.dz\/didd\/wp-json\/wp\/v2\/posts\/61\/revisions"}],"predecessor-version":[{"id":74,"href":"https:\/\/laboratoire.univ-mosta.dz\/didd\/wp-json\/wp\/v2\/posts\/61\/revisions\/74"}],"wp:featuredmedia":[{"embeddable":true,"href":"https:\/\/laboratoire.univ-mosta.dz\/didd\/wp-json\/wp\/v2\/media\/65"}],"wp:attachment":[{"href":"https:\/\/laboratoire.univ-mosta.dz\/didd\/wp-json\/wp\/v2\/media?parent=61"}],"wp:term":[{"taxonomy":"category","embeddable":true,"href":"https:\/\/laboratoire.univ-mosta.dz\/didd\/wp-json\/wp\/v2\/categories?post=61"},{"taxonomy":"post_tag","embeddable":true,"href":"https:\/\/laboratoire.univ-mosta.dz\/didd\/wp-json\/wp\/v2\/tags?post=61"}],"curies":[{"name":"wp","href":"https:\/\/api.w.org\/{rel}","templated":true}]}}